{"id":43,"date":"2016-03-22T11:59:30","date_gmt":"2016-03-22T14:59:30","guid":{"rendered":"http:\/\/alames.org\/2016\/03\/22\/informe-sindical\/"},"modified":"2024-07-20T19:12:53","modified_gmt":"2024-07-20T22:12:53","slug":"informe-sindical","status":"publish","type":"post","link":"https:\/\/alames.org\/pt-br\/informe-sindical\/","title":{"rendered":"Informe Sindical"},"content":{"rendered":"<p>16 de marzo 2016<\/p>\n<p>INFORME SINDICAL:<\/p>\n<p>A un paso de una gran victoria en la lucha por la reincorporaci\u00f3n de los y las despedidas en el Ministerio de Salud de Argentina<\/p>\n<p>Resumen Latinoamericano, 16 de marzo 2016.- Este mi\u00e9rcoles fue un d\u00eda crucial para la lucha que desde hace dos meses vienen librando los trabajadores y trabajadoras del Ministerio de Salud, donde desde la llegada del gobierno de Mauricio Macri se intent\u00f3 arrasar con varias dependencias, vaciarlas de contenido y despedir parte del personal.<\/p>\n<p><!--more--><\/p>\n<p>Despu\u00e9s de grandes movilizaciones, asambleas, marchas y negociaciones con las autoridades, la Junta Gremial Interna de ATE, encabezada por H\u00e9ctor Pelusa Carrica, anunci\u00f3 ante una numerosa y bulliciosa asamblea de trabajadores y trabajadoras que se est\u00e1 a punto de conseguir una gran victoria, ya que este jueves 17 el Ministro Jorge Lemus ha prometido firmar un acuerdo con la parte gremial donde se compromete a reincorporar a todos los despedidos.<\/p>\n<p>Los trabajadores que est\u00e1n cansados de dilaciones y palabras huecas, han decidido esperar esta soluci\u00f3n reunidos en asamblea en el propio ministerio, a partir de las 14 hs.<\/p>\n<div id=\"attachment_250\" style=\"width: 179px\" class=\"wp-caption alignleft\"><img decoding=\"async\" aria-describedby=\"caption-attachment-250\" class=\"size-medium wp-image-250 lazyload\" data-src=\"http:\/\/alames.org\/wp-content\/uploads\/2016\/03\/2-169x300.jpg\" alt=\"H\u00e9ctor Carrica, hablando en la asamblea en el Ministerio de Salud\" width=\"169\" height=\"300\" data-srcset=\"https:\/\/alames.org\/wp-content\/uploads\/2016\/03\/2-169x300.jpg 169w, https:\/\/alames.org\/wp-content\/uploads\/2016\/03\/2-400x711.jpg 400w, https:\/\/alames.org\/wp-content\/uploads\/2016\/03\/2-338x600.jpg 338w, https:\/\/alames.org\/wp-content\/uploads\/2016\/03\/2.jpg 567w\" data-sizes=\"(max-width: 169px) 100vw, 169px\" src=\"data:image\/svg+xml;base64,PHN2ZyB3aWR0aD0iMSIgaGVpZ2h0PSIxIiB4bWxucz0iaHR0cDovL3d3dy53My5vcmcvMjAwMC9zdmciPjwvc3ZnPg==\" style=\"--smush-placeholder-width: 169px; --smush-placeholder-aspect-ratio: 169\/300;\" \/><p id=\"caption-attachment-250\" class=\"wp-caption-text\">H\u00e9ctor Carrica, hablando en la asamblea en el Ministerio de Salud<\/p><\/div>\n<p>&nbsp;<\/p>\n<p><strong>Opini\u00f3n: La salud popular en riesgo<\/strong><\/p>\n<p>por OLP &#8211; Sim\u00f3n Bol\u00edvar<\/p>\n<p>\u201cNosotros nos vamos a plantar, vamos a defender la salud popular. Queremos evitar los despidos y el desmantelamiento de los programas\u201d H. Carrica<\/p>\n<p>Desde la asunci\u00f3n del presidente Mauricio Macri se han despedido a m\u00e1s de 30 mil trabajadores y trabajadoras estatales. La reducci\u00f3n de personal viene acompa\u00f1ada del desmantelamiento de programas destinados a los sectores m\u00e1s vulnerables. El gobierno del PRO, con la complicidad de los grandes medios de comunicaci\u00f3n, ha justificado su accionar demonizando al trabajador estatal tildandolo de \u201c\u00f1oqui\u201d. La supuesta modernizaci\u00f3n del Estado ha significado despidos y vaciamiento.<img decoding=\"async\" class=\"aligncenter wp-image-252 size-full lazyload\" data-src=\"http:\/\/alames.org\/wp-content\/uploads\/2016\/03\/1.jpg\" alt=\"\" width=\"567\" height=\"319\" data-srcset=\"https:\/\/alames.org\/wp-content\/uploads\/2016\/03\/1.jpg 567w, https:\/\/alames.org\/wp-content\/uploads\/2016\/03\/1-300x169.jpg 300w, https:\/\/alames.org\/wp-content\/uploads\/2016\/03\/1-400x225.jpg 400w\" data-sizes=\"(max-width: 567px) 100vw, 567px\" src=\"data:image\/svg+xml;base64,PHN2ZyB3aWR0aD0iMSIgaGVpZ2h0PSIxIiB4bWxucz0iaHR0cDovL3d3dy53My5vcmcvMjAwMC9zdmciPjwvc3ZnPg==\" style=\"--smush-placeholder-width: 567px; --smush-placeholder-aspect-ratio: 567\/319;\" \/><\/p>\n<p>El caso del Ministerio de Salud es uno de los m\u00e1s graves. Estos despidos significan el desmantelamiento de \u00e1reas que se encargan del abordaje territorial y que se encuentran sin funciones desde diciembre, como la Direcci\u00f3n Nacional de Salud Mental y Adicciones, los programas de Organizaci\u00f3n Comunitaria, Cuidarse en Salud, Promoci\u00f3n Comunitaria en Salud, Programa Nacional de Salud Sexual y Procreaci\u00f3n Responsable, y la Direcci\u00f3n Nacional de Salud Bucodental, entre otros. Los trabajadores han denunciado que se encuentran parados 40 camiones hospitales y 20 camionetas encargadas de llevar asistencia a aquellos zonas donde el Estado no esta presente y a consecuencia de esto se han echado a perder m\u00e1s de 500 vacunas. Todo esto se da en medio de una emergencia sanitaria y epidemiol\u00f3gica mundial por el virus del dengue, zika y chikungunya decretada por la Organizaci\u00f3n Mundial de la Salud.<\/p>\n<p><img decoding=\"async\" class=\"size-medium wp-image-251 alignleft lazyload\" data-src=\"http:\/\/alames.org\/wp-content\/uploads\/2016\/03\/4-169x300.jpg\" alt=\"\" width=\"169\" height=\"300\" data-srcset=\"https:\/\/alames.org\/wp-content\/uploads\/2016\/03\/4-169x300.jpg 169w, https:\/\/alames.org\/wp-content\/uploads\/2016\/03\/4-400x711.jpg 400w, https:\/\/alames.org\/wp-content\/uploads\/2016\/03\/4-338x600.jpg 338w, https:\/\/alames.org\/wp-content\/uploads\/2016\/03\/4.jpg 567w\" data-sizes=\"(max-width: 169px) 100vw, 169px\" src=\"data:image\/svg+xml;base64,PHN2ZyB3aWR0aD0iMSIgaGVpZ2h0PSIxIiB4bWxucz0iaHR0cDovL3d3dy53My5vcmcvMjAwMC9zdmciPjwvc3ZnPg==\" style=\"--smush-placeholder-width: 169px; --smush-placeholder-aspect-ratio: 169\/300;\" \/>Ante esta situaci\u00f3n la Junta Interna de ATE de este Ministerio, con H\u00e9ctor Carrica a la cabeza, est\u00e1 dando una batalla enorme, no solo en la defensa de los puestos de trabajo, sino tambi\u00e9n luchando por la continuidad de los programas de salud: \u201cestos programas son de gente que con salarios de mierda, con salarios bajos, tienen el alt\u00edsimo compromiso de estar garantizando la salud popular en los barrios m\u00e1s castigados en el medio de una grav\u00edsima emergencia sanitaria\u201d.<\/p>\n<p>Entendiendo el contexto nacional de avanzada del Gobierno derechista de Macri sobre las condiciones de vida del Pueblo, las organizaciones populares no podemos hacer menos que solidarizarnos y ser parte de la lucha. La salud es quiz\u00e1s una de las herramientas de mayor sometimiento por parte de la clase dominante sobre nuestro Pueblo. La pelea por la defensa de los puestos de trabajo y la continuidad de los programas cobra entonces suma relevancia ya que se inscribe en la serie de batallas pol\u00edticas que desde el campo popular estamos comenzando a presentarle al macrismo, justamente en un \u00e1rea central en su estrategia de sometimiento: la salud.<\/p>\n<p>El d\u00eda jueves 17\/03 se va a realizar una Asamblea en contra de los despidos y por la permanencia de todos los programas de salud popular, desde las 14 en 9 de Julio y Av. Belgrano, en las puertas del Ministerio de Salud. Ah\u00ed estaremos acompa\u00f1ando y luchando codo a codo con los trabajadores y trabajadoras en defensa de la salud popular.<\/p>\n<p>MILES DE MANIFESTANTES CORTARON POR COMPLETO LA AVENIDA 9 DE JULIO<\/p>\n<p>Y MARCHARON HACIA EL MINISTERIO DE DESARROLLO SOCIAL<\/p>\n<div id=\"attachment_248\" style=\"width: 860px\" class=\"wp-caption aligncenter\"><img decoding=\"async\" aria-describedby=\"caption-attachment-248\" class=\"wp-image-248 size-full lazyload\" data-src=\"http:\/\/alames.org\/wp-content\/uploads\/2016\/03\/unnamed1.jpg\" alt=\"\" width=\"850\" height=\"477\" data-srcset=\"https:\/\/alames.org\/wp-content\/uploads\/2016\/03\/unnamed1.jpg 850w, https:\/\/alames.org\/wp-content\/uploads\/2016\/03\/unnamed1-300x168.jpg 300w, https:\/\/alames.org\/wp-content\/uploads\/2016\/03\/unnamed1-768x431.jpg 768w, https:\/\/alames.org\/wp-content\/uploads\/2016\/03\/unnamed1-400x224.jpg 400w\" data-sizes=\"(max-width: 850px) 100vw, 850px\" src=\"data:image\/svg+xml;base64,PHN2ZyB3aWR0aD0iMSIgaGVpZ2h0PSIxIiB4bWxucz0iaHR0cDovL3d3dy53My5vcmcvMjAwMC9zdmciPjwvc3ZnPg==\" style=\"--smush-placeholder-width: 850px; --smush-placeholder-aspect-ratio: 850\/477;\" \/><p id=\"caption-attachment-248\" class=\"wp-caption-text\">Trabajadores cooperativistas, pertenecientes a numerosas organizaciones sociales, entre ellas el Frente Popular Dar\u00edo Santill\u00e1n (FPDS), realizar\u00e1n una movilizaci\u00f3n del Obelisco al Ministerio de Desarrollo Social.<\/p><\/div>\n<p>&nbsp;<\/p>\n<p>Numerosos Integrantes de organizaciones sociales y de izquierda marchaban esta tarde por la avenida 9 de julio, desde el Obelisco hasta el Ministerio de Desarrollo Social, en reclamo de &#8220;aumento genuino&#8221; y de &#8220;la ampliaci\u00f3n y nacionalizaci\u00f3n&#8221; de los programas de cooperativas.<\/p>\n<p><img decoding=\"async\" class=\"wp-image-247 size-full aligncenter lazyload\" data-src=\"http:\/\/alames.org\/wp-content\/uploads\/2016\/03\/unnamed.jpg\" alt=\"\" width=\"600\" height=\"338\" data-srcset=\"https:\/\/alames.org\/wp-content\/uploads\/2016\/03\/unnamed.jpg 600w, https:\/\/alames.org\/wp-content\/uploads\/2016\/03\/unnamed-300x169.jpg 300w, https:\/\/alames.org\/wp-content\/uploads\/2016\/03\/unnamed-400x225.jpg 400w\" data-sizes=\"(max-width: 600px) 100vw, 600px\" src=\"data:image\/svg+xml;base64,PHN2ZyB3aWR0aD0iMSIgaGVpZ2h0PSIxIiB4bWxucz0iaHR0cDovL3d3dy53My5vcmcvMjAwMC9zdmciPjwvc3ZnPg==\" style=\"--smush-placeholder-width: 600px; --smush-placeholder-aspect-ratio: 600\/338;\" \/>El Frente Popular Dar\u00edo Santill\u00e1n, una de las entidades que movilizaban esta tarde, denunci\u00f3 que la ministra Carolina Stanley recibi\u00f3 a representantes de las organizaciones pero &#8220;no dio ninguna respuesta efectiva a los reclamos m\u00e1s urgentes del sector&#8221;.<\/p>\n<p>&#8220;A pesar de prometer Pobreza Cero, la ministra no dio ninguna soluci\u00f3n al pliego de reclamos presentados por las organizaciones, al reclamo de trabajo genuino y aumento y nacionalizaci\u00f3n de los programas de cooperativas del Ministerio.<\/p>\n<p>Despu\u00e9s de 100 d\u00edas no hay soluciones y la pobreza cada vez est\u00e1 mas lejos del cero&#8221;, advirtieron en un comunicado.<\/p>\n<p>Durante el corte en la 9 de Julio, dirigentes de los movimientos sociales subieron a una camioneta donde pronunciaron discursos, cuyo denominador com\u00fan fue el reclamo al Gobierno de la ampliaci\u00f3n y la nacionalizaci\u00f3n del programa Argentina Trabaja y el aumento de la asistencia alimentaria y de las asignaciones sociales, en medio de la suba de precios.<\/p>\n<p>&#8220;Han pasado casi 90 d\u00edas desde que asumi\u00f3 el nuevo gobierno y la situaci\u00f3n social se agrava cada d\u00eda. Al aumento imparable de los productos de primera necesidad se suma el tarifazo el\u00e9ctrico, del gas y en los transportes. M\u00e1s de 20.000 trabajadores estatales despedidos que se suman a miles en el \u00e1mbito privado, engrosando los altos \u00edndices de desocupaci\u00f3n, que nos dej\u00f3 el cristinismo&#8221;, expresaron adem\u00e1s en un comunicado.<\/p>\n<p><img decoding=\"async\" class=\"wp-image-249 size-full aligncenter lazyload\" data-src=\"http:\/\/alames.org\/wp-content\/uploads\/2016\/03\/Trabajadores-Santillan-FPDS-Ministerio-Desarrollo_CLAIMA20160316_0230_29.jpg\" alt=\"\" width=\"850\" height=\"465\" data-srcset=\"https:\/\/alames.org\/wp-content\/uploads\/2016\/03\/Trabajadores-Santillan-FPDS-Ministerio-Desarrollo_CLAIMA20160316_0230_29.jpg 850w, https:\/\/alames.org\/wp-content\/uploads\/2016\/03\/Trabajadores-Santillan-FPDS-Ministerio-Desarrollo_CLAIMA20160316_0230_29-300x164.jpg 300w, https:\/\/alames.org\/wp-content\/uploads\/2016\/03\/Trabajadores-Santillan-FPDS-Ministerio-Desarrollo_CLAIMA20160316_0230_29-768x420.jpg 768w, https:\/\/alames.org\/wp-content\/uploads\/2016\/03\/Trabajadores-Santillan-FPDS-Ministerio-Desarrollo_CLAIMA20160316_0230_29-400x219.jpg 400w\" data-sizes=\"(max-width: 850px) 100vw, 850px\" src=\"data:image\/svg+xml;base64,PHN2ZyB3aWR0aD0iMSIgaGVpZ2h0PSIxIiB4bWxucz0iaHR0cDovL3d3dy53My5vcmcvMjAwMC9zdmciPjwvc3ZnPg==\" style=\"--smush-placeholder-width: 850px; --smush-placeholder-aspect-ratio: 850\/465;\" \/>Las organizaciones convocantes son, adem\u00e1s del Frente Santill\u00e1n, el Polo Obrero, MST Teresa Vive, Barrios de Pie, AGTCAP-FPDS Corriente Nacional y Corriente Clasista y Combativa, entre otras.<\/p>\n<p>Trabajadores cooperativistas, pertenecientes a numerosas organizaciones sociales, entre ellas el Frente Popular Dar\u00edo Santill\u00e1n (FPDS), realizar\u00e1n una movilizaci\u00f3n del Obelisco al Ministerio de Desarrollo Social<\/p>\n<p>Trabajadores cooperativistas, pertenecientes a numerosas organizaciones sociales, entre ellas el Frente Popular Dar\u00edo Santill\u00e1n (FPDS), realizar\u00e1n una movilizaci\u00f3n del Obelisco al Ministerio de Desarrollo Social<\/p>\n","protected":false},"excerpt":{"rendered":"<p>16 de marzo 2016 INFORME SINDICAL: A un paso de una gran victoria en la lucha por la reincorporaci\u00f3n de los y las despedidas en el Ministerio de Salud de Argentina Resumen Latinoamericano, 16 de marzo 2016.- Este mi\u00e9rcoles fue un d\u00eda crucial para la lucha que desde hace dos meses vienen librando los trabajadores y trabajadoras del Ministerio de Salud, donde desde la llegada del gobierno de Mauricio Macri se intent\u00f3 arrasar con varias dependencias, vaciarlas de contenido y despedir parte del personal.<\/p>\n","protected":false},"author":1,"featured_media":253,"comment_status":"open","ping_status":"open","sticky":false,"template":"","format":"standard","meta":{"footnotes":""},"categories":[22],"tags":[],"class_list":["post-43","post","type-post","status-publish","format-standard","has-post-thumbnail","hentry","category-argentina"],"_links":{"self":[{"href":"https:\/\/alames.org\/pt-br\/wp-json\/wp\/v2\/posts\/43","targetHints":{"allow":["GET"]}}],"collection":[{"href":"https:\/\/alames.org\/pt-br\/wp-json\/wp\/v2\/posts"}],"about":[{"href":"https:\/\/alames.org\/pt-br\/wp-json\/wp\/v2\/types\/post"}],"author":[{"embeddable":true,"href":"https:\/\/alames.org\/pt-br\/wp-json\/wp\/v2\/users\/1"}],"replies":[{"embeddable":true,"href":"https:\/\/alames.org\/pt-br\/wp-json\/wp\/v2\/comments?post=43"}],"version-history":[{"count":0,"href":"https:\/\/alames.org\/pt-br\/wp-json\/wp\/v2\/posts\/43\/revisions"}],"wp:featuredmedia":[{"embeddable":true,"href":"https:\/\/alames.org\/pt-br\/wp-json\/wp\/v2\/media\/253"}],"wp:attachment":[{"href":"https:\/\/alames.org\/pt-br\/wp-json\/wp\/v2\/media?parent=43"}],"wp:term":[{"taxonomy":"category","embeddable":true,"href":"https:\/\/alames.org\/pt-br\/wp-json\/wp\/v2\/categories?post=43"},{"taxonomy":"post_tag","embeddable":true,"href":"https:\/\/alames.org\/pt-br\/wp-json\/wp\/v2\/tags?post=43"}],"curies":[{"name":"wp","href":"https:\/\/api.w.org\/{rel}","templated":true}]}}